{"id":1146,"date":"2025-08-10T16:15:00","date_gmt":"2025-08-10T16:15:00","guid":{"rendered":"http:\/\/www.st-georg-halen.de\/home\/?p=1146"},"modified":"2025-10-19T11:32:01","modified_gmt":"2025-10-19T11:32:01","slug":"fuehrungswechsel-bei-den-st-georg-schuetzen-in-halen","status":"publish","type":"post","link":"https:\/\/www.st-georg-halen.de\/home\/fuehrungswechsel-bei-den-st-georg-schuetzen-in-halen\/","title":{"rendered":"F\u00fchrungswechsel bei den St. Georg-Sch\u00fctzen in Halen:"},"content":{"rendered":"\n<h2 class=\"wp-block-heading\">Ludger Thien und Katharina Vaske tauschen ihre \u00c4mter<\/h2>\n\n\n\n<h2 class=\"wp-block-heading\">Heinz-G\u00fcnter Dobelmann ist Sch\u00fctze des Jahres<\/h2>\n\n\n\n<figure class=\"wp-block-image size-large\"><a href=\"https:\/\/www.st-georg-halen.de\/home\/wp-content\/uploads\/2024\/04\/Schuetze-des-Jahres-2025-Halen.webp\"><img loading=\"lazy\" decoding=\"async\" width=\"1024\" height=\"959\" src=\"https:\/\/www.st-georg-halen.de\/home\/wp-content\/uploads\/2024\/04\/Schuetze-des-Jahres-2025-Halen-1024x959.webp\" alt=\"\" class=\"wp-image-1666\" srcset=\"https:\/\/www.st-georg-halen.de\/home\/wp-content\/uploads\/2024\/04\/Schuetze-des-Jahres-2025-Halen-1024x959.webp 1024w, https:\/\/www.st-georg-halen.de\/home\/wp-content\/uploads\/2024\/04\/Schuetze-des-Jahres-2025-Halen-300x281.webp 300w, https:\/\/www.st-georg-halen.de\/home\/wp-content\/uploads\/2024\/04\/Schuetze-des-Jahres-2025-Halen-768x720.webp 768w, https:\/\/www.st-georg-halen.de\/home\/wp-content\/uploads\/2024\/04\/Schuetze-des-Jahres-2025-Halen-1536x1439.webp 1536w, https:\/\/www.st-georg-halen.de\/home\/wp-content\/uploads\/2024\/04\/Schuetze-des-Jahres-2025-Halen.webp 1920w\" sizes=\"auto, (max-width: 1024px) 100vw, 1024px\" \/><\/a><figcaption class=\"wp-element-caption\">Von links Ludger Thien und Sch\u00fctze des Jahres 2025 Heinz-G\u00fcnter Dobelmann<\/figcaption><\/figure>\n\n\n\n<p><sub>Von Heinz-G\u00fcnther Dobelmann<\/sub><\/p>\n\n\n\n<p>Halen. \u2013 An der Spitze der Sch\u00fctzenbruderschaft Halen steht jetzt Katharina Vaske als Brudermeisterin. Der bisherige Vorsitzende Ludger Thien bleibt dem Verein als stellvertretender Brudermeister erhalten. Ihre \u00c4mter tauschten auch die langj\u00e4hrige Damenschie\u00dfleiterin Rita Kr\u00f6ning und ihre Stellvertreterin Saskia Scheper. Damit setzt sich der Generationswechsel im Vorstand der St. Georg-Sch\u00fctzenbruderschaft weiter fort.<\/p>\n\n\n\n<p>In Halen w\u00e4hlen die Sch\u00fctzen alle zwei Jahre nach einem festgelegten Schema einen Teil ihres Vorstandes neu. Turnusgem\u00e4\u00df mussten in diesem Jahr alle Vorstandsmitglieder au\u00dfer Stellvertreter und Kassenwart gew\u00e4hlt werden. Dank guter Vorarbeit des Vorstandes gingen die Wahlen relativ reibungslos und z\u00fcgig vonstatten. Bereits im Vorfeld hatten Brudermeister Ludger Thien und Damenschie\u00dfleiterin Rita Kr\u00f6ning eine erneute Kandidatur f\u00fcr ihre \u00c4mter ausgeschlossen und schlugen in der Versammlung jeweils ihre Stellvertreter Katharina Vaske und Saskia Scheper f\u00fcr diese \u00c4mter vor. Im Gegenzug wurden sie f\u00fcr die Stellvertreterposten vorgeschlagen. Die Versammlung stimmte durch einstimmige Wahlen diesen Vorschl\u00e4gen zu. Somit ist Katharina Vaske die neue Brudermeisterin und Saskia Scheper Damenschie\u00dfleiterin. Bis zur n\u00e4chsten ordentlichen Wahl der Stellvertreter in zwei Jahren \u00fcbernehmen Ludger Thien und Rita Kr\u00f6ning die Vertreteraufgaben. Wiedergew\u00e4hlt wurden Schie\u00dfleiter Manfred Hitz, Jungsch\u00fctzenmeisterin Kerstin Wichmann, Kommandant Andreas Vaske und Zugf\u00fchrer Thomas L\u00fcbbe. Nach Vorschl\u00e4gen aus der Versammlung stellte sich neben Amtsinhaberin Maria Grafe auch David Scheper f\u00fcr das Amt des Schriftf\u00fchrers zur Verf\u00fcgung. In geheimer&nbsp;Wahl wurde Maria Grafe wiedergew\u00e4hlt. F\u00fcr den nicht mehr zur Wahl stehenden stellvertretenden Kassenwart Aloys Gabriel w\u00e4hlte die Versammlung Ingo Wolfram.<\/p>\n\n\n\n<p>Neben den Wahlen blickten die Sch\u00fctzinnen und Sch\u00fctzen der St. Georg-Sch\u00fctzenbruderschaft Halen in ihrer j\u00fcngsten Generalversammlung erneut auf ein sehr erfolgreiches Sch\u00fctzenjahr zur\u00fcck. Brudermeister Ludger Thien berichtete, dass nahezu alle Veranstaltungen der Bruderschaft gut besucht waren. Dies gelte insbesondere auch f\u00fcr das eigene Sch\u00fctzenfest. Bei den ausw\u00e4rtigen Sch\u00fctzenfesten sei die Bruderschaft wieder sehr gut vertreten gewesen. Wie auch andernorts wird die Ausrichtung des Sch\u00fctzenfestes oder anderer gr\u00f6\u00dferer Veranstaltungen auch in Halen immer mehr zu einem finanziellen Abenteuer mit einem hohen Verlustrisiko, berichtete der Brudermeister. Der Vorstand habe sich deshalb schweren Herzens daf\u00fcr entschieden, dieses Jahr das Sch\u00fctzenfest \u201ein eigener Regie\u201c durchzuf\u00fchren. Die Vorbereitungen daf\u00fcr seien nahezu abgeschlossen. Zur Verbesserung der finanziellen Situation des Vereins sei man au\u00dferdem auf der Suche nach Sponsoren und Werbepartner. Wie bereits bei anderen Sch\u00fctzenfesten praktiziert, m\u00f6chte man auch auf dem eigenen Sch\u00fctzenfest f\u00fcr Interessierte eine Werbem\u00f6glichkeit anbieten. Gestiegene Kosten f\u00fcr Munition und mehrere Anschaffungen, wie beispielsweise eine neue Heizungsanlage f\u00fcrs Sch\u00fctzenhaus, belasteten im vergangenen Jahr erheblich die Kasse des Vereins, wie Kassenwart J\u00f6rg Kranz und Kassenpr\u00fcfer Andre Niemann berichteten.<\/p>\n\n\n\n<p>Eine \u00fcberaus positive Bilanz zeigten dagegen Schie\u00dfleiter Manfred Hitz, Damenschie\u00dfleiterin Rita Kr\u00f6ning und Jungsch\u00fctzenmeisterin Kerstin Wichmann auf. Neben einer guten Beteiligung am \u00dcbungsschie\u00dfen gab es im letzten Jahr in allen Altersgruppen ungew\u00f6hnlich viele sportliche Erfolge. . Beim Gemeindek\u00f6nigschie\u00dfen konnten Manfred und Stefanie Hitz beide Gemeindek\u00f6nigstitel mit nach Halen nehmen. Die Bruderschaft nahm mit 13 Mannschaften und insgesamt 85 Sch\u00fctzinnen und Sch\u00fctzen an den Rundenwettk\u00e4mpfen teil und konnte viermal den Gruppensieg erringen, hinzu kamen noch sechs zweite und drei dritte Pl\u00e4tze. Auch bei den Einzelwertungen habe der Verein gut abgeschnitten und erwarte bei der Siegerehrung in Rottinghausen noch einiges an Pokalen. Mit 66 Urkunden f\u00fcr Erstplatzierungen (1 bis 3) war die Bruderschaft bei den Bezirksmeisterschaften ebenfalls sehr erfolgreich. Auch an den Landesbezirks- und Di\u00f6zesanmeisterschaften habe der Verein mit einer gr\u00f6\u00dferen Sch\u00fctzenanzahl teilgenommen. Die Siegerehrung stehe aber noch aus, berichtete Manfred Hitz.<\/p>\n\n\n\n<p>Auch die Jungsch\u00fctzen blickten auf ein sehr erfolgreiches Sch\u00fctzenjahr zur\u00fcck. Besonders herausragend war lt. Jungsch\u00fctzenmeisterin Kerstin Wichmann die Leistung der Vereinsprinzen. Ben Vaske konnte den Di\u00f6zesankinderprinzentitel und die Bundesbambiniprinzenw\u00fcrde erringen. Beim Landesbezirksprinzenschie\u00dfen holte Marius Kranz den Bezirksprinzentitel des Bezirksverbandes Cloppenburg nach Halen und Alexia Vachowski wurde im gleichen Wettbewerbe stellvertretende Bezirkssch\u00fclerprinzessin des Bezirksverbandes Cloppenburg. Beim Gemeindekinderk\u00f6nigschie\u00dfen in B\u00fchren belegten die Kinder und die Jugendlichen&nbsp;den ersten Platz und die Sch\u00fcler den dritten Platz. F\u00fcr die Halener Jungsch\u00fctzen gab es dar\u00fcber hinaus bei den Bezirksmeisterschaften sieben erste Pl\u00e4tze in der Mannschafts- und Einzelwertung sowie sechs Mal den zweiten und f\u00fcnf Mal den dritten Platz. Neben den vielen sportlichen Veranstaltungen konnte die Jungsch\u00fctzenmeisterin auch von geselligen und kreativen Ereignissen berichten. So besuchten die Jungsch\u00fctzen unter anderem im Rahmen des BdSJ-Verbandstages den Mowie-Park und nahmen am vorweihnachtlichen Eisstockschie\u00dfen in Emstek teil. Zur Aufbesserung der Jungsch\u00fctzenkasse wurde der Nachwuchs kreativ und erstellte ein Rezeptbuch f\u00fcr Cocktails. Am Schluss ihrer Ausf\u00fchrungen bedankten sich die Berichtenden bei allen die zum Gelingen des Sch\u00fctzenjahres beigetragen h\u00e4tten, insbesondere auch bei ihren jeweiligen Stellvertretern, Sponsoren und den Eltern der Kinder.<\/p>\n\n\n\n<p>Ein H\u00f6hepunkt jeder Generalversammlung ist die Bekanntgabe des \u201eSch\u00fctzen des Jahres\u201c. Diesen Ehrentitel erhielt in diesem Jahr Heinz-G\u00fcnter Dobelmann. In der Laudatio von Ludger Thien hie\u00df es: \u201eDie Auszeichnung zum Sch\u00fctzen des Jahres 2025 ist eine verdiente Anerkennung seines bisherigen Lebenswerks f\u00fcr das Sch\u00fctzenwesen\u201c. Zur Begr\u00fcndung f\u00fchrte Thien unter anderem weiter aus: Heinz-G\u00fcnter Dobelmann sei seit Gr\u00fcndung der Bruderschaft vor nunmehr fast 50 Jahren engagiertes Mitglied dieser Bruderschaft. Seit 1997 sei er Pressewart des Vereins. Er habe&nbsp;ma\u00dfgeblich das Jubil\u00e4um zum 25-j\u00e4hrigen Bestehen der Bruderschaft mitorganisiert und federf\u00fchrend an der Erstellung der Vereinschronik mitgewirkt. Im Jahr 2003 sei er zum stellvertretenden Brudermeister gew\u00e4hlt worden und habe drei Jahre sp\u00e4ter das Amt des Brudermeisters \u00fcbernommen und bis 2017 inne gehabt. W\u00e4hrend seiner Amtszeit habe die Bruderschaft wichtig Projekte, wie die Erweiterung und Modernisierung des Sch\u00fctzenhauses und die Installation einer elektronischen Schie\u00dfanlage, verwirklicht. Neben seinem Engagement f\u00fcr den Verein sei er von 2000 bis 2023 au\u00dferdem als Pressereferent f\u00fcr die Jung- und Altsch\u00fctzen des Landesbezirksverbandes t\u00e4tig gewesen und habe dort auch ma\u00dfgeblich an der Erstellung der Chronik zum 75-j\u00e4hrigen Jubil\u00e4um des Landesbezirksverbandes Oldenburger M\u00fcnsterland-H\u00fcmmling mitgearbeitet. Nach wie vor sei Heinz-G\u00fcnter Dobelmann bei den Veranstaltungen des Vereins und auch bei \u00fcberregionalen Anl\u00e4ssen immer pr\u00e4sent und jederzeit ansprechbar und hilfsbereit. Sein unerm\u00fcdlicher Einsatz mache ihn zu einem unverzichtbaren Mitgliede der Sch\u00fctzenfamilie und einem Vorbild f\u00fcr alle Sch\u00fctzen.<\/p>\n","protected":false},"excerpt":{"rendered":"<p>Halen. \u2013 An der Spitze der Sch\u00fctzenbruderschaft Halen steht jetzt Katharina Vaske als Brudermeisterin. Der bisherige Vorsitzende Ludger Thien bleibt dem Verein als stellvertretender Brudermeister erhalten. Ihre \u00c4mter tauschten auch die langj\u00e4hrige Damenschie\u00dfleiterin Rita Kr\u00f6ning und ihre Stellvertreterin Saskia Scheper. Damit setzt sich der Generationswechsel im Vorstand der St. Georg-Sch\u00fctzenbruderschaft weiter fort.<\/p>\n","protected":false},"author":4,"featured_media":1665,"comment_status":"closed","ping_status":"open","sticky":false,"template":"","format":"standard","meta":{"ocean_post_layout":"","ocean_both_sidebars_style":"","ocean_both_sidebars_content_width":0,"ocean_both_sidebars_sidebars_width":0,"ocean_sidebar":"0","ocean_second_sidebar":"0","ocean_disable_margins":"enable","ocean_add_body_class":"","ocean_shortcode_before_top_bar":"","ocean_shortcode_after_top_bar":"","ocean_shortcode_before_header":"","ocean_shortcode_after_header":"","ocean_has_shortcode":"","ocean_shortcode_after_title":"","ocean_shortcode_before_footer_widgets":"","ocean_shortcode_after_footer_widgets":"","ocean_shortcode_before_footer_bottom":"","ocean_shortcode_after_footer_bottom":"","ocean_display_top_bar":"default","ocean_display_header":"default","ocean_header_style":"","ocean_center_header_left_menu":"0","ocean_custom_header_template":"0","ocean_custom_logo":0,"ocean_custom_retina_logo":0,"ocean_custom_logo_max_width":0,"ocean_custom_logo_tablet_max_width":0,"ocean_custom_logo_mobile_max_width":0,"ocean_custom_logo_max_height":0,"ocean_custom_logo_tablet_max_height":0,"ocean_custom_logo_mobile_max_height":0,"ocean_header_custom_menu":"0","ocean_menu_typo_font_family":"0","ocean_menu_typo_font_subset":"","ocean_menu_typo_font_size":0,"ocean_menu_typo_font_size_tablet":0,"ocean_menu_typo_font_size_mobile":0,"ocean_menu_typo_font_size_unit":"px","ocean_menu_typo_font_weight":"","ocean_menu_typo_font_weight_tablet":"","ocean_menu_typo_font_weight_mobile":"","ocean_menu_typo_transform":"","ocean_menu_typo_transform_tablet":"","ocean_menu_typo_transform_mobile":"","ocean_menu_typo_line_height":0,"ocean_menu_typo_line_height_tablet":0,"ocean_menu_typo_line_height_mobile":0,"ocean_menu_typo_line_height_unit":"","ocean_menu_typo_spacing":0,"ocean_menu_typo_spacing_tablet":0,"ocean_menu_typo_spacing_mobile":0,"ocean_menu_typo_spacing_unit":"","ocean_menu_link_color":"","ocean_menu_link_color_hover":"","ocean_menu_link_color_active":"","ocean_menu_link_background":"","ocean_menu_link_hover_background":"","ocean_menu_link_active_background":"","ocean_menu_social_links_bg":"","ocean_menu_social_hover_links_bg":"","ocean_menu_social_links_color":"","ocean_menu_social_hover_links_color":"","ocean_disable_title":"default","ocean_disable_heading":"default","ocean_post_title":"","ocean_post_subheading":"","ocean_post_title_style":"","ocean_post_title_background_color":"","ocean_post_title_background":0,"ocean_post_title_bg_image_position":"","ocean_post_title_bg_image_attachment":"","ocean_post_title_bg_image_repeat":"","ocean_post_title_bg_image_size":"","ocean_post_title_height":0,"ocean_post_title_bg_overlay":0.5,"ocean_post_title_bg_overlay_color":"","ocean_disable_breadcrumbs":"default","ocean_breadcrumbs_color":"","ocean_breadcrumbs_separator_color":"","ocean_breadcrumbs_links_color":"","ocean_breadcrumbs_links_hover_color":"","ocean_display_footer_widgets":"default","ocean_display_footer_bottom":"default","ocean_custom_footer_template":"0","ocean_post_oembed":"","ocean_post_self_hosted_media":"","ocean_post_video_embed":"","ocean_link_format":"","ocean_link_format_target":"self","ocean_quote_format":"","ocean_quote_format_link":"post","ocean_gallery_link_images":"off","ocean_gallery_id":[],"footnotes":""},"categories":[1,34],"tags":[12,46,10,15,16,14],"class_list":["post-1146","post","type-post","status-publish","format-standard","has-post-thumbnail","hentry","category-allgemein","category-news","tag-emstek","tag-generalversammlung","tag-halen","tag-schuetzenbruderschaft-halen","tag-schuetzenverein-halen","tag-st-georg-halen","entry","has-media"],"_links":{"self":[{"href":"https:\/\/www.st-georg-halen.de\/home\/wp-json\/wp\/v2\/posts\/1146","targetHints":{"allow":["GET"]}}],"collection":[{"href":"https:\/\/www.st-georg-halen.de\/home\/wp-json\/wp\/v2\/posts"}],"about":[{"href":"https:\/\/www.st-georg-halen.de\/home\/wp-json\/wp\/v2\/types\/post"}],"author":[{"embeddable":true,"href":"https:\/\/www.st-georg-halen.de\/home\/wp-json\/wp\/v2\/users\/4"}],"replies":[{"embeddable":true,"href":"https:\/\/www.st-georg-halen.de\/home\/wp-json\/wp\/v2\/comments?post=1146"}],"version-history":[{"count":9,"href":"https:\/\/www.st-georg-halen.de\/home\/wp-json\/wp\/v2\/posts\/1146\/revisions"}],"predecessor-version":[{"id":1674,"href":"https:\/\/www.st-georg-halen.de\/home\/wp-json\/wp\/v2\/posts\/1146\/revisions\/1674"}],"wp:featuredmedia":[{"embeddable":true,"href":"https:\/\/www.st-georg-halen.de\/home\/wp-json\/wp\/v2\/media\/1665"}],"wp:attachment":[{"href":"https:\/\/www.st-georg-halen.de\/home\/wp-json\/wp\/v2\/media?parent=1146"}],"wp:term":[{"taxonomy":"category","embeddable":true,"href":"https:\/\/www.st-georg-halen.de\/home\/wp-json\/wp\/v2\/categories?post=1146"},{"taxonomy":"post_tag","embeddable":true,"href":"https:\/\/www.st-georg-halen.de\/home\/wp-json\/wp\/v2\/tags?post=1146"}],"curies":[{"name":"wp","href":"https:\/\/api.w.org\/{rel}","templated":true}]}}