{"id":1309,"date":"2025-04-16T17:23:00","date_gmt":"2025-04-16T17:23:00","guid":{"rendered":"https:\/\/www.st-georg-halen.de\/home\/?p=1309"},"modified":"2025-10-01T16:37:09","modified_gmt":"2025-10-01T16:37:09","slug":"halener-schuetzen-ermittelten-ihre-vereinsmeister-sehr-gute-beteiligung-am-wettkampf","status":"publish","type":"post","link":"https:\/\/www.st-georg-halen.de\/home\/halener-schuetzen-ermittelten-ihre-vereinsmeister-sehr-gute-beteiligung-am-wettkampf\/","title":{"rendered":"Halener Sch\u00fctzen ermittelten ihre Vereinsmeister \u2013 Starke Beteiligung am Wettkampf"},"content":{"rendered":"\n<figure class=\"wp-block-image size-large is-style-default\"><a href=\"https:\/\/www.st-georg-halen.de\/home\/wp-content\/uploads\/2024\/04\/Vereinsmeister-2025.webp\"><img loading=\"lazy\" decoding=\"async\" width=\"1024\" height=\"574\" src=\"https:\/\/www.st-georg-halen.de\/home\/wp-content\/uploads\/2024\/04\/Vereinsmeister-2025-1024x574.webp\" alt=\"\" class=\"wp-image-1646\" srcset=\"https:\/\/www.st-georg-halen.de\/home\/wp-content\/uploads\/2024\/04\/Vereinsmeister-2025-1024x574.webp 1024w, https:\/\/www.st-georg-halen.de\/home\/wp-content\/uploads\/2024\/04\/Vereinsmeister-2025-300x168.webp 300w, https:\/\/www.st-georg-halen.de\/home\/wp-content\/uploads\/2024\/04\/Vereinsmeister-2025-768x430.webp 768w, https:\/\/www.st-georg-halen.de\/home\/wp-content\/uploads\/2024\/04\/Vereinsmeister-2025-1536x861.webp 1536w, https:\/\/www.st-georg-halen.de\/home\/wp-content\/uploads\/2024\/04\/Vereinsmeister-2025.webp 1920w\" sizes=\"auto, (max-width: 1024px) 100vw, 1024px\" \/><\/a><figcaption class=\"wp-element-caption\">Sieger und Platzierte bei den Vereinsmeisterschaften 2025 der St. Georg-Sch\u00fctzenbruderschaft Halen<\/figcaption><\/figure>\n\n\n\n<div class=\"wp-block-columns is-layout-flex wp-container-core-columns-is-layout-9d6595d7 wp-block-columns-is-layout-flex\">\n<div class=\"wp-block-column is-vertically-aligned-top is-layout-flow wp-block-column-is-layout-flow\">\n<p>Halen(do) \u2013 Die St. Georg-Sch\u00fctzenbruderschaft Halen f\u00fchrte im Januar und Februar ihre diesj\u00e4hrigen Vereinsmeisterschaften durch. Die Schie\u00dfleiter der Bruderschaft verzeichneten eine sehr gute Beteiligung an den Wettk\u00e4mpfen. Ermittelt wurden die Vereinsmeister in neun Disziplinen mit dem Luftgewehr, dem Kleinkalibergewehr und der Luftpistole. An den Start gingen Teilnehmer in der Sch\u00fcler-, Jugend-, Sch\u00fctzen-, Alters- und Seniorenklasse, wobei teilweise nach Geschlecht gewertet wurde. Die drei Erstplatzierten jeder Klasse erhielten jeweils eine Siegernadel in Gold, Silber oder Bronze.<\/p>\n\n\n\n<p>Bei der k\u00fcrzlich durchgef\u00fchrten Siegerehrung konnte Hauptschie\u00dfleiter Manfred Hitz mit seinem Team nahezu alle Siegernadeln direkt an die Sieger und Platzierten verteilen. Neben der Ehrung der Vereinsmeister war ein \u00e4u\u00dferst spannendes Geschicklichkeits- und Gl\u00fccksschie\u00dfen ein weiterer H\u00f6hepunkt der Veranstaltung. F\u00fcr die drei erfolgreichsten Sch\u00fctzen Thorsten Hitz, Sabrina L\u00fcbbe und Andreas Vaske, gab es einen Pr\u00e4sentkorb als Belohnung. Die Sieger der Bambini-, Sch\u00fcler- und Jugendklasse wurden in einer gesonderten Veranstaltung geehrt.<\/p>\n\n\n\n<p><strong>Sieger und Platzierte bei den Vereinsmeisterschaften 2025:<\/strong><\/p>\n<\/div>\n<\/div>\n\n\n\n<div class=\"wp-block-columns is-layout-flex wp-container-core-columns-is-layout-9d6595d7 wp-block-columns-is-layout-flex\">\n<div class=\"wp-block-column is-layout-flow wp-block-column-is-layout-flow\">\n<div class=\"wp-block-gutena-accordion gutena-accordion-block gutena-accordion-block-c20b4a-26 is-layout-flow wp-block-gutena-accordion-is-layout-flow\" data-single=\"false\">\n<div class=\"wp-block-gutena-accordion-panel gutena-accordion-block__panel\">\n<div class=\"wp-block-gutena-accordion-panel-title gutena-accordion-block__panel-title\"><div class=\"gutena-accordion-block__panel-title-inner\">\n<h6 class=\"wp-block-heading has-text-align-left\" style=\"margin-top:0px;margin-right:0px;margin-bottom:0px;margin-left:0px\">Luftgewehr Auflage<\/h6>\n<div class=\"trigger-plus-minus\"><div class=\"horizontal\"><\/div><div class=\"vertical\"><\/div><\/div><\/div><\/div>\n\n\n\n<div class=\"wp-block-gutena-accordion-panel-content gutena-accordion-block__panel-content\"><div class=\"gutena-accordion-block__panel-content-inner\">\n<p><strong>Altersklasse (m\u00e4nnlich):<\/strong><\/p>\n\n\n\n<ul class=\"wp-block-list\">\n<li><strong>Gold<\/strong>: Manfred Hitz<\/li>\n\n\n\n<li><strong>Silber<\/strong>: Ansgar Vossmann<\/li>\n\n\n\n<li><strong>Bronze<\/strong>: Christian Otten<\/li>\n<\/ul>\n\n\n\n<p><strong>Altersklasse (weiblich):<\/strong><\/p>\n\n\n\n<ul class=\"wp-block-list\">\n<li><strong>Gold<\/strong>: Kerstin Wichmann<\/li>\n\n\n\n<li><strong>Silber<\/strong>: Daniela Vossmann<\/li>\n\n\n\n<li><strong>Bronze<\/strong>: Marita Niemann<\/li>\n<\/ul>\n\n\n\n<p><strong>Seniorenklasse (m\u00e4nnlich):<\/strong><\/p>\n\n\n\n<ul class=\"wp-block-list\">\n<li><strong>Gold<\/strong>: Reinhold Hitz<\/li>\n\n\n\n<li><strong>Silber<\/strong>: Josef Emke<\/li>\n\n\n\n<li><strong>Bronze<\/strong>: Josef Otten<\/li>\n<\/ul>\n<\/div><\/div>\n<\/div>\n\n\n\n<div class=\"wp-block-gutena-accordion-panel gutena-accordion-block__panel\">\n<div class=\"wp-block-gutena-accordion-panel-title gutena-accordion-block__panel-title\"><div class=\"gutena-accordion-block__panel-title-inner\">\n<h6 class=\"wp-block-heading has-text-align-left\" style=\"margin-top:0px;margin-right:0px;margin-bottom:0px;margin-left:0px\">Luftgewehr Angestrichen<\/h6>\n<div class=\"trigger-plus-minus\"><div class=\"horizontal\"><\/div><div class=\"vertical\"><\/div><\/div><\/div><\/div>\n\n\n\n<div class=\"wp-block-gutena-accordion-panel-content gutena-accordion-block__panel-content\"><div class=\"gutena-accordion-block__panel-content-inner\">\n<p><strong>Seniorenklasse:<\/strong><\/p>\n\n\n\n<ul class=\"wp-block-list\">\n<li><strong>Gold<\/strong>: Josef Emke<\/li>\n\n\n\n<li><strong>Silber<\/strong>: Josef Otten<\/li>\n\n\n\n<li><strong>Bronze<\/strong>: Maria Kannwischer<\/li>\n<\/ul>\n<\/div><\/div>\n<\/div>\n\n\n\n<div class=\"wp-block-gutena-accordion-panel gutena-accordion-block__panel\">\n<div class=\"wp-block-gutena-accordion-panel-title gutena-accordion-block__panel-title\"><div class=\"gutena-accordion-block__panel-title-inner\">\n<h6 class=\"wp-block-heading has-text-align-left\" style=\"margin-top:0px;margin-right:0px;margin-bottom:0px;margin-left:0px\">Luftgewehr Freistehend<\/h6>\n<div class=\"trigger-plus-minus\"><div class=\"horizontal\"><\/div><div class=\"vertical\"><\/div><\/div><\/div><\/div>\n\n\n\n<div class=\"wp-block-gutena-accordion-panel-content gutena-accordion-block__panel-content\"><div class=\"gutena-accordion-block__panel-content-inner\">\n<p><strong>Sch\u00fctzenklasse (m\u00e4nnlich):<\/strong> <\/p>\n\n\n\n<ul class=\"wp-block-list\">\n<li><strong>Gold<\/strong>: Thomas L\u00fcbbe<\/li>\n\n\n\n<li><strong>Silber<\/strong>: Thorsten Hitz<\/li>\n\n\n\n<li><strong>Bronze<\/strong>: Tobias Niemann<\/li>\n<\/ul>\n\n\n\n<p><strong>Sch\u00fctzenklasse (weiblich):<\/strong> <\/p>\n\n\n\n<ul class=\"wp-block-list\">\n<li><strong>Gold<\/strong>: Saskia Scheper<\/li>\n\n\n\n<li><strong>Silber<\/strong>: Sabrina L\u00fcbbe<\/li>\n\n\n\n<li><strong>Bronze<\/strong>: Katharina Vaske<\/li>\n<\/ul>\n\n\n\n<p><strong>Altersklasse (m\u00e4nnlich):<\/strong> <\/p>\n\n\n\n<ul class=\"wp-block-list\">\n<li><strong>Gold<\/strong>: J\u00f6rg Kranz<\/li>\n\n\n\n<li><strong>Silber<\/strong>: Christian Otten<\/li>\n\n\n\n<li><strong>Bronze<\/strong>: Reinhold Hitz<\/li>\n<\/ul>\n\n\n\n<p><strong>Altersklasse (weiblich):<\/strong> <\/p>\n\n\n\n<ul class=\"wp-block-list\">\n<li><strong>Gold<\/strong>: Daniela Vossmann<\/li>\n\n\n\n<li><strong>Silber<\/strong>: Kerstin Wichmann<\/li>\n\n\n\n<li><strong>Bronze<\/strong>: Stefanie Hitz<\/li>\n<\/ul>\n<\/div><\/div>\n<\/div>\n\n\n\n<div class=\"wp-block-gutena-accordion-panel gutena-accordion-block__panel\">\n<div class=\"wp-block-gutena-accordion-panel-title gutena-accordion-block__panel-title\"><div class=\"gutena-accordion-block__panel-title-inner\">\n<h6 class=\"wp-block-heading has-text-align-left\" style=\"margin-top:0px;margin-right:0px;margin-bottom:0px;margin-left:0px\">Luftgewehr Drei-Stellung<\/h6>\n<div class=\"trigger-plus-minus\"><div class=\"horizontal\"><\/div><div class=\"vertical\"><\/div><\/div><\/div><\/div>\n\n\n\n<div class=\"wp-block-gutena-accordion-panel-content gutena-accordion-block__panel-content\"><div class=\"gutena-accordion-block__panel-content-inner\">\n<p><strong>Sch\u00fctzenklasse, Altersklasse und Seniorenklasse (m\u00e4nnlich):<\/strong><\/p>\n\n\n\n<ul class=\"wp-block-list\">\n<li><strong>Gold<\/strong>: Reinhold Hitz<\/li>\n\n\n\n<li><strong>Silber<\/strong>: Tobias Niemann<\/li>\n\n\n\n<li><strong>Bronze<\/strong>: Thomas L\u00fcbbe<\/li>\n<\/ul>\n\n\n\n<p><strong>Sch\u00fctzenklasse und Altersklasse (weiblich):<\/strong><\/p>\n\n\n\n<ul class=\"wp-block-list\">\n<li><strong>Gold<\/strong>: Daniela Vossmann<\/li>\n\n\n\n<li><strong>Silber<\/strong>: Sabrina L\u00fcbbe<\/li>\n\n\n\n<li><strong>Bronze<\/strong>: Stefanie Hitz<\/li>\n<\/ul>\n<\/div><\/div>\n<\/div>\n\n\n\n<div class=\"wp-block-gutena-accordion-panel gutena-accordion-block__panel\">\n<div class=\"wp-block-gutena-accordion-panel-title gutena-accordion-block__panel-title\"><div class=\"gutena-accordion-block__panel-title-inner\">\n<h6 class=\"wp-block-heading has-text-align-left\" style=\"margin-top:0px;margin-right:0px;margin-bottom:0px;margin-left:0px\">Luftpistole<\/h6>\n<div class=\"trigger-plus-minus\"><div class=\"horizontal\"><\/div><div class=\"vertical\"><\/div><\/div><\/div><\/div>\n\n\n\n<div class=\"wp-block-gutena-accordion-panel-content gutena-accordion-block__panel-content\"><div class=\"gutena-accordion-block__panel-content-inner\">\n<p><strong>Sch\u00fctzenklasse:<\/strong><\/p>\n\n\n\n<ul class=\"wp-block-list\">\n<li><strong>Gold<\/strong>: Thomas L\u00fcbbe<\/li>\n\n\n\n<li><strong>Silber<\/strong>: Sabrina L\u00fcbbe<\/li>\n\n\n\n<li><strong>Bronze<\/strong>: Andreas Vaske<\/li>\n<\/ul>\n\n\n\n<p><strong>Altersklasse und Seniorenklasse:<\/strong><\/p>\n\n\n\n<ul class=\"wp-block-list\">\n<li><strong>Gold<\/strong>: Aloys Gabriel<\/li>\n\n\n\n<li><strong>Silber<\/strong>: Ingo Wolfram<\/li>\n\n\n\n<li><strong>Bronze<\/strong>: J\u00fcrgen Wichmann<\/li>\n<\/ul>\n<\/div><\/div>\n<\/div>\n<\/div>\n<\/div>\n\n\n\n<div class=\"wp-block-column is-layout-flow wp-block-column-is-layout-flow\">\n<div class=\"wp-block-gutena-accordion gutena-accordion-block gutena-accordion-block-8421af-9c is-layout-flow wp-block-gutena-accordion-is-layout-flow\" data-single=\"false\">\n<div class=\"wp-block-gutena-accordion-panel gutena-accordion-block__panel\">\n<div class=\"wp-block-gutena-accordion-panel-title gutena-accordion-block__panel-title\"><div class=\"gutena-accordion-block__panel-title-inner\">\n<h6 class=\"wp-block-heading has-text-align-left\" style=\"margin-top:0px;margin-right:0px;margin-bottom:0px;margin-left:0px\">Kleinkaliebergewehr Auflage<\/h6>\n<div class=\"trigger-plus-minus\"><div class=\"horizontal\"><\/div><div class=\"vertical\"><\/div><\/div><\/div><\/div>\n\n\n\n<div class=\"wp-block-gutena-accordion-panel-content gutena-accordion-block__panel-content\"><div class=\"gutena-accordion-block__panel-content-inner\">\n<p><strong>Altersklasse (m\u00e4nnlich):<\/strong> <\/p>\n\n\n\n<ul class=\"wp-block-list\">\n<li><strong>Gold<\/strong>: Manfred Hitz<\/li>\n\n\n\n<li><strong>Silber<\/strong>: J\u00fcrgen Wichmann<\/li>\n\n\n\n<li><strong>Bronze<\/strong>: Christian Otten<\/li>\n<\/ul>\n\n\n\n<p><strong>Altersklasse (weiblich):<\/strong> <\/p>\n\n\n\n<ul class=\"wp-block-list\">\n<li><strong>Gold<\/strong>: Kerstin Wichmann<\/li>\n\n\n\n<li><strong>Silber<\/strong>: Daniela Vossmann<\/li>\n\n\n\n<li><strong>Bronze<\/strong>: Annette Reinke<\/li>\n<\/ul>\n\n\n\n<p><strong>Seniorenklasse (m\u00e4nnlich):<\/strong> <\/p>\n\n\n\n<ul class=\"wp-block-list\">\n<li><strong>Gold<\/strong>: Reinhold Hitz<\/li>\n\n\n\n<li><strong>Silber<\/strong>: Josef Emke<\/li>\n\n\n\n<li><strong>Bronze<\/strong>: Peter Kannwischer<\/li>\n<\/ul>\n\n\n\n<p><strong>Seniorenklasse (weiblich):<\/strong> <\/p>\n\n\n\n<ul class=\"wp-block-list\">\n<li><strong>Gold<\/strong>: Maria Kannwischer<\/li>\n\n\n\n<li><strong>Silber<\/strong>: Elisabeth Schm\u00f6kel<\/li>\n<\/ul>\n<\/div><\/div>\n<\/div>\n\n\n\n<div class=\"wp-block-gutena-accordion-panel gutena-accordion-block__panel\">\n<div class=\"wp-block-gutena-accordion-panel-title gutena-accordion-block__panel-title\"><div class=\"gutena-accordion-block__panel-title-inner\">\n<h6 class=\"wp-block-heading has-text-align-left\" style=\"margin-top:0px;margin-right:0px;margin-bottom:0px;margin-left:0px\">Kleinkalibergewehr Angestrichen<\/h6>\n<div class=\"trigger-plus-minus\"><div class=\"horizontal\"><\/div><div class=\"vertical\"><\/div><\/div><\/div><\/div>\n\n\n\n<div class=\"wp-block-gutena-accordion-panel-content gutena-accordion-block__panel-content\"><div class=\"gutena-accordion-block__panel-content-inner\">\n<p style=\"margin-top:0;margin-bottom:0\"><strong>Seniorenklasse:<\/strong> <\/p>\n\n\n\n<ul class=\"wp-block-list\">\n<li><strong>Gold<\/strong>: Josef Emke<\/li>\n\n\n\n<li><strong>Silber<\/strong>: Reinhold Hitz<\/li>\n\n\n\n<li><strong>Bronze<\/strong>: Peter Kannwischer<\/li>\n<\/ul>\n<\/div><\/div>\n<\/div>\n\n\n\n<div class=\"wp-block-gutena-accordion-panel gutena-accordion-block__panel\">\n<div class=\"wp-block-gutena-accordion-panel-title gutena-accordion-block__panel-title\"><div class=\"gutena-accordion-block__panel-title-inner\">\n<h6 class=\"wp-block-heading has-text-align-left\" style=\"margin-top:0px;margin-right:0px;margin-bottom:0px;margin-left:0px\">Kleinkaliebergewehr Drei-Stellung<\/h6>\n<div class=\"trigger-plus-minus\"><div class=\"horizontal\"><\/div><div class=\"vertical\"><\/div><\/div><\/div><\/div>\n\n\n\n<div class=\"wp-block-gutena-accordion-panel-content gutena-accordion-block__panel-content\"><div class=\"gutena-accordion-block__panel-content-inner\">\n<p><strong>Sch\u00fctzenklasse:<\/strong><\/p>\n\n\n\n<ul class=\"wp-block-list\">\n<li><strong>Gold<\/strong>: Torsten Hitz<\/li>\n\n\n\n<li><strong>Silber<\/strong>: Tobias Niemann<\/li>\n\n\n\n<li><strong>Bronze<\/strong>: Andreas Vaske<\/li>\n<\/ul>\n\n\n\n<p><strong>Altersklasse:<\/strong><\/p>\n\n\n\n<ul class=\"wp-block-list\">\n<li><strong>Gold<\/strong>: Christian Otten<\/li>\n\n\n\n<li><strong>Silber<\/strong>: Kay Kannwischer<\/li>\n\n\n\n<li><strong>Bronze<\/strong>: Ansgar Vossmann<\/li>\n<\/ul>\n<\/div><\/div>\n<\/div>\n\n\n\n<div class=\"wp-block-gutena-accordion-panel gutena-accordion-block__panel\">\n<div class=\"wp-block-gutena-accordion-panel-title gutena-accordion-block__panel-title\"><div class=\"gutena-accordion-block__panel-title-inner\">\n<h6 class=\"wp-block-heading has-text-align-left\" style=\"margin-top:0px;margin-right:0px;margin-bottom:0px;margin-left:0px\">Kleinkalibergewehr Olympisch Match<\/h6>\n<div class=\"trigger-plus-minus\"><div class=\"horizontal\"><\/div><div class=\"vertical\"><\/div><\/div><\/div><\/div>\n\n\n\n<div class=\"wp-block-gutena-accordion-panel-content gutena-accordion-block__panel-content\"><div class=\"gutena-accordion-block__panel-content-inner\">\n<ul class=\"wp-block-list\">\n<li><strong>Gold<\/strong>: Kay Kannwischer<\/li>\n\n\n\n<li><strong>Silber<\/strong>: Tobias Niemann<\/li>\n\n\n\n<li><strong>Bronze<\/strong>: Andreas Vaske<\/li>\n<\/ul>\n<\/div><\/div>\n<\/div>\n<\/div>\n<\/div>\n<\/div>\n","protected":false},"excerpt":{"rendered":"<p>Halen(do) \u2013 Die St. Georg-Sch\u00fctzenbruderschaft Halen f\u00fchrte im Januar und Februar ihre diesj\u00e4hrigen Vereinsmeisterschaften durch. Die Schie\u00dfleiter der Bruderschaft verzeichneten eine sehr gute Beteiligung an den Wettk\u00e4mpfen. Ermittelt wurden die Vereinsmeister in neun Disziplinen mit dem Luftgewehr, dem Kleinkalibergewehr und der Luftpistole. An den Start gingen Teilnehmer in der Sch\u00fcler-, Jugend-, Sch\u00fctzen-, Alters- und Seniorenklasse, [&hellip;]<\/p>\n","protected":false},"author":4,"featured_media":1646,"comment_status":"closed","ping_status":"open","sticky":false,"template":"","format":"standard","meta":{"ocean_post_layout":"","ocean_both_sidebars_style":"","ocean_both_sidebars_content_width":0,"ocean_both_sidebars_sidebars_width":0,"ocean_sidebar":"0","ocean_second_sidebar":"0","ocean_disable_margins":"enable","ocean_add_body_class":"","ocean_shortcode_before_top_bar":"","ocean_shortcode_after_top_bar":"","ocean_shortcode_before_header":"","ocean_shortcode_after_header":"","ocean_has_shortcode":"","ocean_shortcode_after_title":"","ocean_shortcode_before_footer_widgets":"","ocean_shortcode_after_footer_widgets":"","ocean_shortcode_before_footer_bottom":"","ocean_shortcode_after_footer_bottom":"","ocean_display_top_bar":"default","ocean_display_header":"default","ocean_header_style":"","ocean_center_header_left_menu":"0","ocean_custom_header_template":"0","ocean_custom_logo":0,"ocean_custom_retina_logo":0,"ocean_custom_logo_max_width":0,"ocean_custom_logo_tablet_max_width":0,"ocean_custom_logo_mobile_max_width":0,"ocean_custom_logo_max_height":0,"ocean_custom_logo_tablet_max_height":0,"ocean_custom_logo_mobile_max_height":0,"ocean_header_custom_menu":"0","ocean_menu_typo_font_family":"0","ocean_menu_typo_font_subset":"","ocean_menu_typo_font_size":0,"ocean_menu_typo_font_size_tablet":0,"ocean_menu_typo_font_size_mobile":0,"ocean_menu_typo_font_size_unit":"px","ocean_menu_typo_font_weight":"","ocean_menu_typo_font_weight_tablet":"","ocean_menu_typo_font_weight_mobile":"","ocean_menu_typo_transform":"","ocean_menu_typo_transform_tablet":"","ocean_menu_typo_transform_mobile":"","ocean_menu_typo_line_height":0,"ocean_menu_typo_line_height_tablet":0,"ocean_menu_typo_line_height_mobile":0,"ocean_menu_typo_line_height_unit":"","ocean_menu_typo_spacing":0,"ocean_menu_typo_spacing_tablet":0,"ocean_menu_typo_spacing_mobile":0,"ocean_menu_typo_spacing_unit":"","ocean_menu_link_color":"","ocean_menu_link_color_hover":"","ocean_menu_link_color_active":"","ocean_menu_link_background":"","ocean_menu_link_hover_background":"","ocean_menu_link_active_background":"","ocean_menu_social_links_bg":"","ocean_menu_social_hover_links_bg":"","ocean_menu_social_links_color":"","ocean_menu_social_hover_links_color":"","ocean_disable_title":"default","ocean_disable_heading":"default","ocean_post_title":"","ocean_post_subheading":"","ocean_post_title_style":"","ocean_post_title_background_color":"","ocean_post_title_background":0,"ocean_post_title_bg_image_position":"","ocean_post_title_bg_image_attachment":"","ocean_post_title_bg_image_repeat":"","ocean_post_title_bg_image_size":"","ocean_post_title_height":0,"ocean_post_title_bg_overlay":0.5,"ocean_post_title_bg_overlay_color":"","ocean_disable_breadcrumbs":"default","ocean_breadcrumbs_color":"","ocean_breadcrumbs_separator_color":"","ocean_breadcrumbs_links_color":"","ocean_breadcrumbs_links_hover_color":"","ocean_display_footer_widgets":"default","ocean_display_footer_bottom":"default","ocean_custom_footer_template":"0","ocean_post_oembed":"","ocean_post_self_hosted_media":"","ocean_post_video_embed":"","ocean_link_format":"","ocean_link_format_target":"self","ocean_quote_format":"","ocean_quote_format_link":"post","ocean_gallery_link_images":"off","ocean_gallery_id":[],"footnotes":""},"categories":[1,36,51],"tags":[10,16,14],"class_list":["post-1309","post","type-post","status-publish","format-standard","has-post-thumbnail","hentry","category-allgemein","category-ehrungen","category-meisterschaften","tag-halen","tag-schuetzenverein-halen","tag-st-georg-halen","entry","has-media"],"_links":{"self":[{"href":"https:\/\/www.st-georg-halen.de\/home\/wp-json\/wp\/v2\/posts\/1309","targetHints":{"allow":["GET"]}}],"collection":[{"href":"https:\/\/www.st-georg-halen.de\/home\/wp-json\/wp\/v2\/posts"}],"about":[{"href":"https:\/\/www.st-georg-halen.de\/home\/wp-json\/wp\/v2\/types\/post"}],"author":[{"embeddable":true,"href":"https:\/\/www.st-georg-halen.de\/home\/wp-json\/wp\/v2\/users\/4"}],"replies":[{"embeddable":true,"href":"https:\/\/www.st-georg-halen.de\/home\/wp-json\/wp\/v2\/comments?post=1309"}],"version-history":[{"count":16,"href":"https:\/\/www.st-georg-halen.de\/home\/wp-json\/wp\/v2\/posts\/1309\/revisions"}],"predecessor-version":[{"id":1648,"href":"https:\/\/www.st-georg-halen.de\/home\/wp-json\/wp\/v2\/posts\/1309\/revisions\/1648"}],"wp:featuredmedia":[{"embeddable":true,"href":"https:\/\/www.st-georg-halen.de\/home\/wp-json\/wp\/v2\/media\/1646"}],"wp:attachment":[{"href":"https:\/\/www.st-georg-halen.de\/home\/wp-json\/wp\/v2\/media?parent=1309"}],"wp:term":[{"taxonomy":"category","embeddable":true,"href":"https:\/\/www.st-georg-halen.de\/home\/wp-json\/wp\/v2\/categories?post=1309"},{"taxonomy":"post_tag","embeddable":true,"href":"https:\/\/www.st-georg-halen.de\/home\/wp-json\/wp\/v2\/tags?post=1309"}],"curies":[{"name":"wp","href":"https:\/\/api.w.org\/{rel}","templated":true}]}}